{"id":29158,"date":"2026-03-30T12:49:46","date_gmt":"2026-03-30T10:49:46","guid":{"rendered":"https:\/\/gedac-gremi.org\/?p=29158"},"modified":"2026-03-30T12:52:06","modified_gmt":"2026-03-30T10:52:06","slug":"renovacion-del-acuerdo-con-bureau-veritas","status":"publish","type":"post","link":"https:\/\/gedac-gremi.org\/es\/blog\/2026\/03\/30\/renovacion-del-acuerdo-con-bureau-veritas\/","title":{"rendered":"Renovaci\u00f3n del Acuerdo con Bureau Veritas"},"content":{"rendered":"<p>[et_pb_section fb_built=&#8221;1&#8243; _builder_version=&#8221;4.17.6&#8243; _module_preset=&#8221;default&#8221; min_height=&#8221;155.6px&#8221; custom_margin=&#8221;||-44px||false|false&#8221; custom_padding=&#8221;||0px|||&#8221; da_disable_devices=&#8221;off|off|off&#8221; global_colors_info=&#8221;{}&#8221; da_is_popup=&#8221;off&#8221; da_exit_intent=&#8221;off&#8221; da_has_close=&#8221;on&#8221; da_alt_close=&#8221;off&#8221; da_dark_close=&#8221;off&#8221; da_not_modal=&#8221;on&#8221; da_is_singular=&#8221;off&#8221; da_with_loader=&#8221;off&#8221; da_has_shadow=&#8221;on&#8221;][et_pb_row column_structure=&#8221;1_3,2_3&#8243; _builder_version=&#8221;4.17.6&#8243; _module_preset=&#8221;default&#8221; min_height=&#8221;58.6px&#8221; custom_margin=&#8221;|auto||5px|false|false&#8221; custom_padding=&#8221;||10px||false|false&#8221; global_colors_info=&#8221;{}&#8221;][et_pb_column type=&#8221;1_3&#8243; _builder_version=&#8221;4.17.6&#8243; _module_preset=&#8221;default&#8221; global_colors_info=&#8221;{}&#8221;][et_pb_image src=&#8221;https:\/\/gedac-gremi.org\/wp-content\/uploads\/2026\/03\/Renovacio-BV-2026-2701-scaled.jpg&#8221; title_text=&#8221;Renovaci\u00f3 BV 2026-27(01)&#8221; _builder_version=&#8221;4.17.6&#8243; _module_preset=&#8221;default&#8221; global_colors_info=&#8221;{}&#8221;][\/et_pb_image][et_pb_image src=&#8221;https:\/\/gedac-gremi.org\/wp-content\/uploads\/2026\/03\/Renovacio-BV-2026-2702-scaled.jpg&#8221; title_text=&#8221;Renovaci\u00f3 BV 2026-27(02)&#8221; _builder_version=&#8221;4.17.6&#8243; _module_preset=&#8221;default&#8221; global_colors_info=&#8221;{}&#8221;][\/et_pb_image][\/et_pb_column][et_pb_column type=&#8221;2_3&#8243; _builder_version=&#8221;4.17.6&#8243; _module_preset=&#8221;default&#8221; global_colors_info=&#8221;{}&#8221;][et_pb_text disabled_on=&#8221;off|off|off&#8221; admin_label=&#8221;Text&#8221; module_class=&#8221;link-black&#8221; _builder_version=&#8221;4.17.6&#8243; _module_preset=&#8221;default&#8221; text_font_size=&#8221;13px&#8221; min_height=&#8221;167px&#8221; custom_margin=&#8221;||-100px||false|false&#8221; custom_padding=&#8221;||0px||false|false&#8221; global_colors_info=&#8221;{}&#8221;]<\/p>\n<p>El Presidente del Gremio de Ascensores y el Director de Certificaci\u00f3n de Bureau Veirtas, en un marco de colaboraci\u00f3n y comunicaci\u00f3n entre ambas entidades, han firmado la renovaci\u00f3n del acuerdo para la certificaci\u00f3n y continuidad de los sistemas de gesti\u00f3n de las empresas agremiadas: ISO9001:2015, ISO14001:2015, ISO45 2014\/33\/UE (M\u00f3dulo H1 Anexo XI y M\u00f3dulo D Anexo XII) y Certificaci\u00f3n de conformidad de acuerdo ITC para modificaciones importantes.<\/p>\n<p>La renovaci\u00f3n corresponde a la revisi\u00f3n n\u00ba. 14 y permanecer\u00e1 vigente hasta enero de 2028.<\/p>\n<p>Se incorpora la posibilidad de nuevos esquemas de certificaci\u00f3n que puedan ser de inter\u00e9s para las empresas, con condiciones preferentes, como por ejemplo el Sistema de Gesti\u00f3n de la Responsabilidad Social basada en los ODS, u otros esquemas relacionados con la sostenibilidad y la RSC, como la Huella de Carb\u00f3n (reducci\u00f3n de las emisiones de gases de efecto invernadero), Gesti\u00f3n de la Invernadero). Como novedad se ha incorporado la Norma UNE 0060:2018 de Sistemas de gesti\u00f3n por la digitalizaci\u00f3n que contiene aspectos a tener presentes para un proceso de transformaci\u00f3n digital en la empresa.<\/p>\n<p>El Acuerdo mantiene los descuentos del 10% en caso de que las auditor\u00edas de sistemas y directivas se realicen de forma conjunta \u2013 siempre que coincidan los ciclos de auditor\u00edas e incorpora plenamente la Norma ISO 45001:2018 que sustituye al anterior OSHAS 18001 que dej\u00f3 de estar en vigor en marzo 20.<\/p>\n<p>[\/et_pb_text][\/et_pb_column][\/et_pb_row][\/et_pb_section]<\/p>\n","protected":false},"excerpt":{"rendered":"<p>El Presidente del Gremio de Ascensores y el Director de Certificaci\u00f3n de Bureau Veirtas, en un marco de colaboraci\u00f3n y comunicaci\u00f3n entre ambas entidades, han firmado la renovaci\u00f3n del acuerdo para la certificaci\u00f3n y continuidad de los sistemas de gesti\u00f3n de las empresas agremiadas: ISO9001:2015, ISO14001:2015, ISO45 2014\/33\/UE (M\u00f3dulo H1 Anexo XI y M\u00f3dulo D [&hellip;]<\/p>\n","protected":false},"author":4,"featured_media":0,"comment_status":"closed","ping_status":"closed","sticky":false,"template":"","format":"standard","meta":{"_et_pb_use_builder":"on","_et_pb_old_content":"","_et_gb_content_width":""},"categories":[33,4],"tags":[63,84,85,67,68],"aioseo_notices":[],"_links":{"self":[{"href":"https:\/\/gedac-gremi.org\/es\/wp-json\/wp\/v2\/posts\/29158"}],"collection":[{"href":"https:\/\/gedac-gremi.org\/es\/wp-json\/wp\/v2\/posts"}],"about":[{"href":"https:\/\/gedac-gremi.org\/es\/wp-json\/wp\/v2\/types\/post"}],"author":[{"embeddable":true,"href":"https:\/\/gedac-gremi.org\/es\/wp-json\/wp\/v2\/users\/4"}],"replies":[{"embeddable":true,"href":"https:\/\/gedac-gremi.org\/es\/wp-json\/wp\/v2\/comments?post=29158"}],"version-history":[{"count":6,"href":"https:\/\/gedac-gremi.org\/es\/wp-json\/wp\/v2\/posts\/29158\/revisions"}],"predecessor-version":[{"id":29172,"href":"https:\/\/gedac-gremi.org\/es\/wp-json\/wp\/v2\/posts\/29158\/revisions\/29172"}],"wp:attachment":[{"href":"https:\/\/gedac-gremi.org\/es\/wp-json\/wp\/v2\/media?parent=29158"}],"wp:term":[{"taxonomy":"category","embeddable":true,"href":"https:\/\/gedac-gremi.org\/es\/wp-json\/wp\/v2\/categories?post=29158"},{"taxonomy":"post_tag","embeddable":true,"href":"https:\/\/gedac-gremi.org\/es\/wp-json\/wp\/v2\/tags?post=29158"}],"curies":[{"name":"wp","href":"https:\/\/api.w.org\/{rel}","templated":true}]}}